{"id":81,"date":"2019-04-08T20:34:00","date_gmt":"2019-04-08T19:34:00","guid":{"rendered":"https:\/\/untallerencasa.com\/blog\/?p=81"},"modified":"2019-04-09T13:33:31","modified_gmt":"2019-04-09T12:33:31","slug":"medidor-de-altura","status":"publish","type":"post","link":"https:\/\/untallerencasa.com\/blog\/?p=81","title":{"rendered":"Medidor de altura"},"content":{"rendered":"\n<p class=\"has-drop-cap\">He hecho este soporte para poder medir con facilidad la altura del disco en la sierra de mesa y de la fresa en la tupi y en la fresadora de mano. Venden esta herramienta, pero quer\u00eda aprovechar que ten\u00eda un calibre vernier digital.<\/p>\n\n\n\n<figure class=\"wp-block-image\"><img loading=\"lazy\" decoding=\"async\" width=\"683\" height=\"1024\" src=\"https:\/\/untallerencasa.com\/blog\/wp-content\/uploads\/IMG_8613-683x1024.jpg\" alt=\"\" class=\"wp-image-84\" srcset=\"https:\/\/untallerencasa.com\/blog\/wp-content\/uploads\/IMG_8613.jpg 683w, https:\/\/untallerencasa.com\/blog\/wp-content\/uploads\/IMG_8613-200x300.jpg 200w\" sizes=\"auto, (max-width: 683px) 100vw, 683px\" \/><\/figure>\n\n\n\n<p> Que sea digital es importante ya que tiene funci\u00f3n de puesta a cero, por lo que no hay que medir la altura por diferencia: se coloca, se tara y se toma la medida.<\/p>\n\n\n\n<p>El primer sistema de sujeci\u00f3n que pens\u00e9 no funcion\u00f3: el calibre patinaba sobre su alojamiento, lo he resuelto con un trozo de goma.<\/p>\n\n\n\n<p>La pieza que hace tope con la herramienta es grande para facilitar la toma de medida, si en alg\u00fan momento quiero usarlo como medidor de profundidad har\u00e9 otra que llegue por debajo de la base del soporte.<\/p>\n\n\n\n<p>Los imanes que he colocado en la base son de neodimio, cortados de un porta clips de propaganda. Cualquier im\u00e1n con un m\u00ednimo de potencia es suficiente para mantener el soporte quieto.<\/p>\n\n\n\n<p>No es un trabajo complicado pero espero que el resultado me sea \u00fatil. En este <a aria-label=\"v\u00eddeo (abre en una nueva pesta\u00f1a)\" href=\"https:\/\/youtu.be\/BwlXAE9RMII\" target=\"_blank\" rel=\"noreferrer noopener\">v\u00eddeo<\/a> est\u00e1 recogido todo el proceso de fabricaci\u00f3n, y <a aria-label=\"aqu\u00ed (abre en una nueva pesta\u00f1a)\" href=\"https:\/\/www.dropbox.com\/s\/l3kyct6kvm3dj8h\/Medidor%20altura.skp?dl=0\" target=\"_blank\" rel=\"noreferrer noopener\">aqu\u00ed<\/a> puedes descargarte el modelo en SketchUp. <\/p>\n","protected":false},"excerpt":{"rendered":"<p>He hecho este soporte para poder medir con facilidad la altura del disco en la sierra de mesa y de la fresa en la tupi y en la fresadora de mano. Venden esta herramienta, pero quer\u00eda aprovechar que ten\u00eda un calibre vernier digital. Que sea digital es importante ya que tiene funci\u00f3n de puesta a &hellip; <a href=\"https:\/\/untallerencasa.com\/blog\/?p=81\" class=\"more-link\">Sigue leyendo <span class=\"screen-reader-text\">Medidor de altura<\/span><\/a><\/p>\n","protected":false},"author":1,"featured_media":0,"comment_status":"open","ping_status":"open","sticky":false,"template":"","format":"standard","meta":{"footnotes":""},"categories":[5],"tags":[9,6,7,8],"class_list":["post-81","post","type-post","status-publish","format-standard","hentry","category-fabricacion-herramientas","tag-calibre-vernier","tag-carpinteria","tag-fabricacion-de-herramientas","tag-medidor-de-altura"],"_links":{"self":[{"href":"https:\/\/untallerencasa.com\/blog\/index.php?rest_route=\/wp\/v2\/posts\/81","targetHints":{"allow":["GET"]}}],"collection":[{"href":"https:\/\/untallerencasa.com\/blog\/index.php?rest_route=\/wp\/v2\/posts"}],"about":[{"href":"https:\/\/untallerencasa.com\/blog\/index.php?rest_route=\/wp\/v2\/types\/post"}],"author":[{"embeddable":true,"href":"https:\/\/untallerencasa.com\/blog\/index.php?rest_route=\/wp\/v2\/users\/1"}],"replies":[{"embeddable":true,"href":"https:\/\/untallerencasa.com\/blog\/index.php?rest_route=%2Fwp%2Fv2%2Fcomments&post=81"}],"version-history":[{"count":3,"href":"https:\/\/untallerencasa.com\/blog\/index.php?rest_route=\/wp\/v2\/posts\/81\/revisions"}],"predecessor-version":[{"id":85,"href":"https:\/\/untallerencasa.com\/blog\/index.php?rest_route=\/wp\/v2\/posts\/81\/revisions\/85"}],"wp:attachment":[{"href":"https:\/\/untallerencasa.com\/blog\/index.php?rest_route=%2Fwp%2Fv2%2Fmedia&parent=81"}],"wp:term":[{"taxonomy":"category","embeddable":true,"href":"https:\/\/untallerencasa.com\/blog\/index.php?rest_route=%2Fwp%2Fv2%2Fcategories&post=81"},{"taxonomy":"post_tag","embeddable":true,"href":"https:\/\/untallerencasa.com\/blog\/index.php?rest_route=%2Fwp%2Fv2%2Ftags&post=81"}],"curies":[{"name":"wp","href":"https:\/\/api.w.org\/{rel}","templated":true}]}}